{"id":9254,"date":"2012-10-09T00:00:00","date_gmt":"2012-10-08T22:00:00","guid":{"rendered":"http:\/\/dev.museuolimpicbcn.cat\/la-temporada-2012-13-de-la-eurocup-de-baloncesto-ya-esta-aqui-el-11-de-octubre-los-mejores-equipos-del-continente-europeo-empiezan-su-lucha-por-el-titulo\/"},"modified":"2012-10-09T00:00:00","modified_gmt":"2012-10-08T22:00:00","slug":"la-temporada-2012-13-de-la-eurocup-de-baloncesto-ya-esta-aqui-el-11-de-octubre-los-mejores-equipos-del-continente-europeo-empiezan-su-lucha-por-el-titulo","status":"publish","type":"post","link":"https:\/\/www.museuolimpicbcn.cat\/es\/la-temporada-2012-13-de-la-eurocup-de-baloncesto-ya-esta-aqui-el-11-de-octubre-los-mejores-equipos-del-continente-europeo-empiezan-su-lucha-por-el-titulo\/","title":{"rendered":"La temporada 2012-13 de la Eurocup de Baloncesto ya est\u00e1 aqu\u00ed. El 11 de octubre los mejores equipos del continente europeo empiezan su lucha por el t\u00edtulo"},"content":{"rendered":"<p>El Eurocup empezar&aacute; el 7 de noviembre y contar&aacute; con la participaci&oacute;n del Gescrap Bilbao en el grupo B y del Valencia Basket en el grupo D y del Cajasol Seville en el grupo H.<\/p>\n<p>Por otro lado, la Euroliga empieza este jueves 11 de octubre con los mejores equipos del continente europeo, donde encontraremos al Regalo Bar&ccedil;a.<\/p>\n","protected":false},"excerpt":{"rendered":"<p>Como cada a&ntilde;o, Eddy Vidal ha sido el encargado de dirigir el sorteo del Eurocup, y como cada a&ntilde;o ha tenido lugar en el Auditorio del Museo Olimpic y del Deporte Joan Antoni Samaranch, bajo la supervisi&oacute;n de Jordi Bertomeu, CEO y presidente de Euroleague Basketball, empresa gestora de la Euroliga y la Eurocup de Baloncesto; Xavier Amador, gerente del Instituto Barcelona Deportes; Eduardo Portela presidente del ULEB y Albert Agust&iacute;, general manager de la ACB.<\/p>\n<p>&nbsp;<\/p>\n","protected":false},"author":1,"featured_media":0,"comment_status":"open","ping_status":"open","sticky":false,"template":"","format":"standard","meta":{"_acf_changed":false,"_price":"","_stock":"","_tribe_ticket_header":"","_tribe_default_ticket_provider":"","_tribe_ticket_capacity":"0","_ticket_start_date":"","_ticket_end_date":"","_tribe_ticket_show_description":"","_tribe_ticket_show_not_going":false,"_tribe_ticket_use_global_stock":"","_tribe_ticket_global_stock_level":"","_global_stock_mode":"","_global_stock_cap":"","_tribe_rsvp_for_event":"","_tribe_ticket_going_count":"","_tribe_ticket_not_going_count":"","_tribe_tickets_list":"[]","_tribe_ticket_has_attendee_info_fields":false,"footnotes":""},"categories":[3],"tags":[],"class_list":["post-9254","post","type-post","status-publish","format-standard","hentry","category-sin-categorizar"],"acf":[],"yoast_head":"<!-- This site is optimized with the Yoast SEO plugin v23.7 - https:\/\/yoast.com\/wordpress\/plugins\/seo\/ -->\n<title>La temporada 2012-13 de la Eurocup de Baloncesto ya est\u00e1 aqu\u00ed. El 11 de octubre los mejores equipos del continente europeo empiezan su lucha por el t\u00edtulo - Museu Ol\u00edmpic i de l&#039;Esport Joan Antoni Samaranch. Barcelona<\/title>\n<meta name=\"robots\" content=\"index, follow, max-snippet:-1, max-image-preview:large, max-video-preview:-1\" \/>\n<link rel=\"canonical\" href=\"https:\/\/www.museuolimpicbcn.cat\/es\/la-temporada-2012-13-de-la-eurocup-de-baloncesto-ya-esta-aqui-el-11-de-octubre-los-mejores-equipos-del-continente-europeo-empiezan-su-lucha-por-el-titulo\/\" \/>\n<meta property=\"og:locale\" content=\"es_ES\" \/>\n<meta property=\"og:type\" content=\"article\" \/>\n<meta property=\"og:title\" content=\"La temporada 2012-13 de la Eurocup de Baloncesto ya est\u00e1 aqu\u00ed. El 11 de octubre los mejores equipos del continente europeo empiezan su lucha por el t\u00edtulo - Museu Ol\u00edmpic i de l&#039;Esport Joan Antoni Samaranch. Barcelona\" \/>\n<meta property=\"og:description\" content=\"Como cada a&ntilde;o, Eddy Vidal ha sido el encargado de dirigir el sorteo del Eurocup, y como cada a&ntilde;o ha tenido lugar en el Auditorio del Museo Olimpic y del Deporte Joan Antoni Samaranch, bajo la supervisi&oacute;n de Jordi Bertomeu, CEO y presidente de Euroleague Basketball, empresa gestora de la Euroliga y la Eurocup de Baloncesto; Xavier Amador, gerente del Instituto Barcelona Deportes; Eduardo Portela presidente del ULEB y Albert Agust&iacute;, general manager de la ACB. &nbsp;\" \/>\n<meta property=\"og:url\" content=\"https:\/\/www.museuolimpicbcn.cat\/es\/la-temporada-2012-13-de-la-eurocup-de-baloncesto-ya-esta-aqui-el-11-de-octubre-los-mejores-equipos-del-continente-europeo-empiezan-su-lucha-por-el-titulo\/\" \/>\n<meta property=\"og:site_name\" content=\"Museu Ol\u00edmpic i de l&#039;Esport Joan Antoni Samaranch. Barcelona\" \/>\n<meta property=\"article:published_time\" content=\"2012-10-08T22:00:00+00:00\" \/>\n<meta name=\"author\" content=\"useradmin\" \/>\n<meta name=\"twitter:card\" content=\"summary_large_image\" \/>\n<meta name=\"twitter:label1\" content=\"Escrito por\" \/>\n\t<meta name=\"twitter:data1\" content=\"useradmin\" \/>\n<script type=\"application\/ld+json\" class=\"yoast-schema-graph\">{\"@context\":\"https:\/\/schema.org\",\"@graph\":[{\"@type\":\"Article\",\"@id\":\"https:\/\/www.museuolimpicbcn.cat\/es\/la-temporada-2012-13-de-la-eurocup-de-baloncesto-ya-esta-aqui-el-11-de-octubre-los-mejores-equipos-del-continente-europeo-empiezan-su-lucha-por-el-titulo\/#article\",\"isPartOf\":{\"@id\":\"https:\/\/www.museuolimpicbcn.cat\/es\/la-temporada-2012-13-de-la-eurocup-de-baloncesto-ya-esta-aqui-el-11-de-octubre-los-mejores-equipos-del-continente-europeo-empiezan-su-lucha-por-el-titulo\/\"},\"author\":{\"name\":\"useradmin\",\"@id\":\"https:\/\/www.museuolimpicbcn.cat\/ca\/#\/schema\/person\/d05705664e87aa04c6ce53d48133fb39\"},\"headline\":\"La temporada 2012-13 de la Eurocup de Baloncesto ya est\u00e1 aqu\u00ed. El 11 de octubre los mejores equipos del continente europeo empiezan su lucha por el t\u00edtulo\",\"datePublished\":\"2012-10-08T22:00:00+00:00\",\"dateModified\":\"2012-10-08T22:00:00+00:00\",\"mainEntityOfPage\":{\"@id\":\"https:\/\/www.museuolimpicbcn.cat\/es\/la-temporada-2012-13-de-la-eurocup-de-baloncesto-ya-esta-aqui-el-11-de-octubre-los-mejores-equipos-del-continente-europeo-empiezan-su-lucha-por-el-titulo\/\"},\"wordCount\":89,\"commentCount\":0,\"publisher\":{\"@id\":\"https:\/\/www.museuolimpicbcn.cat\/ca\/#organization\"},\"articleSection\":[\"Sin categorizar\"],\"inLanguage\":\"es\",\"potentialAction\":[{\"@type\":\"CommentAction\",\"name\":\"Comment\",\"target\":[\"https:\/\/www.museuolimpicbcn.cat\/es\/la-temporada-2012-13-de-la-eurocup-de-baloncesto-ya-esta-aqui-el-11-de-octubre-los-mejores-equipos-del-continente-europeo-empiezan-su-lucha-por-el-titulo\/#respond\"]}]},{\"@type\":\"WebPage\",\"@id\":\"https:\/\/www.museuolimpicbcn.cat\/es\/la-temporada-2012-13-de-la-eurocup-de-baloncesto-ya-esta-aqui-el-11-de-octubre-los-mejores-equipos-del-continente-europeo-empiezan-su-lucha-por-el-titulo\/\",\"url\":\"https:\/\/www.museuolimpicbcn.cat\/es\/la-temporada-2012-13-de-la-eurocup-de-baloncesto-ya-esta-aqui-el-11-de-octubre-los-mejores-equipos-del-continente-europeo-empiezan-su-lucha-por-el-titulo\/\",\"name\":\"La temporada 2012-13 de la Eurocup de Baloncesto ya est\u00e1 aqu\u00ed. El 11 de octubre los mejores equipos del continente europeo empiezan su lucha por el t\u00edtulo - Museu Ol\u00edmpic i de l&#039;Esport Joan Antoni Samaranch. Barcelona\",\"isPartOf\":{\"@id\":\"https:\/\/www.museuolimpicbcn.cat\/ca\/#website\"},\"datePublished\":\"2012-10-08T22:00:00+00:00\",\"dateModified\":\"2012-10-08T22:00:00+00:00\",\"breadcrumb\":{\"@id\":\"https:\/\/www.museuolimpicbcn.cat\/es\/la-temporada-2012-13-de-la-eurocup-de-baloncesto-ya-esta-aqui-el-11-de-octubre-los-mejores-equipos-del-continente-europeo-empiezan-su-lucha-por-el-titulo\/#breadcrumb\"},\"inLanguage\":\"es\",\"potentialAction\":[{\"@type\":\"ReadAction\",\"target\":[\"https:\/\/www.museuolimpicbcn.cat\/es\/la-temporada-2012-13-de-la-eurocup-de-baloncesto-ya-esta-aqui-el-11-de-octubre-los-mejores-equipos-del-continente-europeo-empiezan-su-lucha-por-el-titulo\/\"]}]},{\"@type\":\"BreadcrumbList\",\"@id\":\"https:\/\/www.museuolimpicbcn.cat\/es\/la-temporada-2012-13-de-la-eurocup-de-baloncesto-ya-esta-aqui-el-11-de-octubre-los-mejores-equipos-del-continente-europeo-empiezan-su-lucha-por-el-titulo\/#breadcrumb\",\"itemListElement\":[{\"@type\":\"ListItem\",\"position\":1,\"name\":\"Inici\",\"item\":\"https:\/\/www.museuolimpicbcn.cat\/es\/\"},{\"@type\":\"ListItem\",\"position\":2,\"name\":\"La temporada 2012-13 de la Eurocup de Baloncesto ya est\u00e1 aqu\u00ed. El 11 de octubre los mejores equipos del continente europeo empiezan su lucha por el t\u00edtulo\"}]},{\"@type\":\"WebSite\",\"@id\":\"https:\/\/www.museuolimpicbcn.cat\/ca\/#website\",\"url\":\"https:\/\/www.museuolimpicbcn.cat\/ca\/\",\"name\":\"Museu Ol\u00edmpic i de l&#039;Esport Joan Antoni Samaranch. Barcelona\",\"description\":\"Altre lloc Web del Museu Ol\u00edmpic i de l&#039;Esport llocs\",\"publisher\":{\"@id\":\"https:\/\/www.museuolimpicbcn.cat\/ca\/#organization\"},\"potentialAction\":[{\"@type\":\"SearchAction\",\"target\":{\"@type\":\"EntryPoint\",\"urlTemplate\":\"https:\/\/www.museuolimpicbcn.cat\/ca\/?s={search_term_string}\"},\"query-input\":{\"@type\":\"PropertyValueSpecification\",\"valueRequired\":true,\"valueName\":\"search_term_string\"}}],\"inLanguage\":\"es\"},{\"@type\":\"Organization\",\"@id\":\"https:\/\/www.museuolimpicbcn.cat\/ca\/#organization\",\"name\":\"Museu Ol\u00edmpic i de l&#039;Esport Joan Antoni Samaranch. Barcelona\",\"url\":\"https:\/\/www.museuolimpicbcn.cat\/ca\/\",\"logo\":{\"@type\":\"ImageObject\",\"inLanguage\":\"es\",\"@id\":\"https:\/\/www.museuolimpicbcn.cat\/ca\/#\/schema\/logo\/image\/\",\"url\":\"https:\/\/www.museuolimpicbcn.cat\/wp-content\/uploads\/sites\/2\/2018\/12\/logo-moe-header.svg\",\"contentUrl\":\"https:\/\/www.museuolimpicbcn.cat\/wp-content\/uploads\/sites\/2\/2018\/12\/logo-moe-header.svg\",\"caption\":\"Museu Ol\u00edmpic i de l&#039;Esport Joan Antoni Samaranch. Barcelona\"},\"image\":{\"@id\":\"https:\/\/www.museuolimpicbcn.cat\/ca\/#\/schema\/logo\/image\/\"}},{\"@type\":\"Person\",\"@id\":\"https:\/\/www.museuolimpicbcn.cat\/ca\/#\/schema\/person\/d05705664e87aa04c6ce53d48133fb39\",\"name\":\"useradmin\",\"url\":\"https:\/\/www.museuolimpicbcn.cat\/es\/author\/useradmin\/\"}]}<\/script>\n<!-- \/ Yoast SEO plugin. -->","yoast_head_json":{"title":"La temporada 2012-13 de la Eurocup de Baloncesto ya est\u00e1 aqu\u00ed. El 11 de octubre los mejores equipos del continente europeo empiezan su lucha por el t\u00edtulo - Museu Ol\u00edmpic i de l&#039;Esport Joan Antoni Samaranch. Barcelona","robots":{"index":"index","follow":"follow","max-snippet":"max-snippet:-1","max-image-preview":"max-image-preview:large","max-video-preview":"max-video-preview:-1"},"canonical":"https:\/\/www.museuolimpicbcn.cat\/es\/la-temporada-2012-13-de-la-eurocup-de-baloncesto-ya-esta-aqui-el-11-de-octubre-los-mejores-equipos-del-continente-europeo-empiezan-su-lucha-por-el-titulo\/","og_locale":"es_ES","og_type":"article","og_title":"La temporada 2012-13 de la Eurocup de Baloncesto ya est\u00e1 aqu\u00ed. El 11 de octubre los mejores equipos del continente europeo empiezan su lucha por el t\u00edtulo - Museu Ol\u00edmpic i de l&#039;Esport Joan Antoni Samaranch. Barcelona","og_description":"Como cada a&ntilde;o, Eddy Vidal ha sido el encargado de dirigir el sorteo del Eurocup, y como cada a&ntilde;o ha tenido lugar en el Auditorio del Museo Olimpic y del Deporte Joan Antoni Samaranch, bajo la supervisi&oacute;n de Jordi Bertomeu, CEO y presidente de Euroleague Basketball, empresa gestora de la Euroliga y la Eurocup de Baloncesto; Xavier Amador, gerente del Instituto Barcelona Deportes; Eduardo Portela presidente del ULEB y Albert Agust&iacute;, general manager de la ACB. &nbsp;","og_url":"https:\/\/www.museuolimpicbcn.cat\/es\/la-temporada-2012-13-de-la-eurocup-de-baloncesto-ya-esta-aqui-el-11-de-octubre-los-mejores-equipos-del-continente-europeo-empiezan-su-lucha-por-el-titulo\/","og_site_name":"Museu Ol\u00edmpic i de l&#039;Esport Joan Antoni Samaranch. Barcelona","article_published_time":"2012-10-08T22:00:00+00:00","author":"useradmin","twitter_card":"summary_large_image","twitter_misc":{"Escrito por":"useradmin"},"schema":{"@context":"https:\/\/schema.org","@graph":[{"@type":"Article","@id":"https:\/\/www.museuolimpicbcn.cat\/es\/la-temporada-2012-13-de-la-eurocup-de-baloncesto-ya-esta-aqui-el-11-de-octubre-los-mejores-equipos-del-continente-europeo-empiezan-su-lucha-por-el-titulo\/#article","isPartOf":{"@id":"https:\/\/www.museuolimpicbcn.cat\/es\/la-temporada-2012-13-de-la-eurocup-de-baloncesto-ya-esta-aqui-el-11-de-octubre-los-mejores-equipos-del-continente-europeo-empiezan-su-lucha-por-el-titulo\/"},"author":{"name":"useradmin","@id":"https:\/\/www.museuolimpicbcn.cat\/ca\/#\/schema\/person\/d05705664e87aa04c6ce53d48133fb39"},"headline":"La temporada 2012-13 de la Eurocup de Baloncesto ya est\u00e1 aqu\u00ed. El 11 de octubre los mejores equipos del continente europeo empiezan su lucha por el t\u00edtulo","datePublished":"2012-10-08T22:00:00+00:00","dateModified":"2012-10-08T22:00:00+00:00","mainEntityOfPage":{"@id":"https:\/\/www.museuolimpicbcn.cat\/es\/la-temporada-2012-13-de-la-eurocup-de-baloncesto-ya-esta-aqui-el-11-de-octubre-los-mejores-equipos-del-continente-europeo-empiezan-su-lucha-por-el-titulo\/"},"wordCount":89,"commentCount":0,"publisher":{"@id":"https:\/\/www.museuolimpicbcn.cat\/ca\/#organization"},"articleSection":["Sin categorizar"],"inLanguage":"es","potentialAction":[{"@type":"CommentAction","name":"Comment","target":["https:\/\/www.museuolimpicbcn.cat\/es\/la-temporada-2012-13-de-la-eurocup-de-baloncesto-ya-esta-aqui-el-11-de-octubre-los-mejores-equipos-del-continente-europeo-empiezan-su-lucha-por-el-titulo\/#respond"]}]},{"@type":"WebPage","@id":"https:\/\/www.museuolimpicbcn.cat\/es\/la-temporada-2012-13-de-la-eurocup-de-baloncesto-ya-esta-aqui-el-11-de-octubre-los-mejores-equipos-del-continente-europeo-empiezan-su-lucha-por-el-titulo\/","url":"https:\/\/www.museuolimpicbcn.cat\/es\/la-temporada-2012-13-de-la-eurocup-de-baloncesto-ya-esta-aqui-el-11-de-octubre-los-mejores-equipos-del-continente-europeo-empiezan-su-lucha-por-el-titulo\/","name":"La temporada 2012-13 de la Eurocup de Baloncesto ya est\u00e1 aqu\u00ed. El 11 de octubre los mejores equipos del continente europeo empiezan su lucha por el t\u00edtulo - Museu Ol\u00edmpic i de l&#039;Esport Joan Antoni Samaranch. Barcelona","isPartOf":{"@id":"https:\/\/www.museuolimpicbcn.cat\/ca\/#website"},"datePublished":"2012-10-08T22:00:00+00:00","dateModified":"2012-10-08T22:00:00+00:00","breadcrumb":{"@id":"https:\/\/www.museuolimpicbcn.cat\/es\/la-temporada-2012-13-de-la-eurocup-de-baloncesto-ya-esta-aqui-el-11-de-octubre-los-mejores-equipos-del-continente-europeo-empiezan-su-lucha-por-el-titulo\/#breadcrumb"},"inLanguage":"es","potentialAction":[{"@type":"ReadAction","target":["https:\/\/www.museuolimpicbcn.cat\/es\/la-temporada-2012-13-de-la-eurocup-de-baloncesto-ya-esta-aqui-el-11-de-octubre-los-mejores-equipos-del-continente-europeo-empiezan-su-lucha-por-el-titulo\/"]}]},{"@type":"BreadcrumbList","@id":"https:\/\/www.museuolimpicbcn.cat\/es\/la-temporada-2012-13-de-la-eurocup-de-baloncesto-ya-esta-aqui-el-11-de-octubre-los-mejores-equipos-del-continente-europeo-empiezan-su-lucha-por-el-titulo\/#breadcrumb","itemListElement":[{"@type":"ListItem","position":1,"name":"Inici","item":"https:\/\/www.museuolimpicbcn.cat\/es\/"},{"@type":"ListItem","position":2,"name":"La temporada 2012-13 de la Eurocup de Baloncesto ya est\u00e1 aqu\u00ed. El 11 de octubre los mejores equipos del continente europeo empiezan su lucha por el t\u00edtulo"}]},{"@type":"WebSite","@id":"https:\/\/www.museuolimpicbcn.cat\/ca\/#website","url":"https:\/\/www.museuolimpicbcn.cat\/ca\/","name":"Museu Ol\u00edmpic i de l&#039;Esport Joan Antoni Samaranch. Barcelona","description":"Altre lloc Web del Museu Ol\u00edmpic i de l&#039;Esport llocs","publisher":{"@id":"https:\/\/www.museuolimpicbcn.cat\/ca\/#organization"},"potentialAction":[{"@type":"SearchAction","target":{"@type":"EntryPoint","urlTemplate":"https:\/\/www.museuolimpicbcn.cat\/ca\/?s={search_term_string}"},"query-input":{"@type":"PropertyValueSpecification","valueRequired":true,"valueName":"search_term_string"}}],"inLanguage":"es"},{"@type":"Organization","@id":"https:\/\/www.museuolimpicbcn.cat\/ca\/#organization","name":"Museu Ol\u00edmpic i de l&#039;Esport Joan Antoni Samaranch. Barcelona","url":"https:\/\/www.museuolimpicbcn.cat\/ca\/","logo":{"@type":"ImageObject","inLanguage":"es","@id":"https:\/\/www.museuolimpicbcn.cat\/ca\/#\/schema\/logo\/image\/","url":"https:\/\/www.museuolimpicbcn.cat\/wp-content\/uploads\/sites\/2\/2018\/12\/logo-moe-header.svg","contentUrl":"https:\/\/www.museuolimpicbcn.cat\/wp-content\/uploads\/sites\/2\/2018\/12\/logo-moe-header.svg","caption":"Museu Ol\u00edmpic i de l&#039;Esport Joan Antoni Samaranch. Barcelona"},"image":{"@id":"https:\/\/www.museuolimpicbcn.cat\/ca\/#\/schema\/logo\/image\/"}},{"@type":"Person","@id":"https:\/\/www.museuolimpicbcn.cat\/ca\/#\/schema\/person\/d05705664e87aa04c6ce53d48133fb39","name":"useradmin","url":"https:\/\/www.museuolimpicbcn.cat\/es\/author\/useradmin\/"}]}},"_links":{"self":[{"href":"https:\/\/www.museuolimpicbcn.cat\/es\/wp-json\/wp\/v2\/posts\/9254"}],"collection":[{"href":"https:\/\/www.museuolimpicbcn.cat\/es\/wp-json\/wp\/v2\/posts"}],"about":[{"href":"https:\/\/www.museuolimpicbcn.cat\/es\/wp-json\/wp\/v2\/types\/post"}],"author":[{"embeddable":true,"href":"https:\/\/www.museuolimpicbcn.cat\/es\/wp-json\/wp\/v2\/users\/1"}],"replies":[{"embeddable":true,"href":"https:\/\/www.museuolimpicbcn.cat\/es\/wp-json\/wp\/v2\/comments?post=9254"}],"version-history":[{"count":0,"href":"https:\/\/www.museuolimpicbcn.cat\/es\/wp-json\/wp\/v2\/posts\/9254\/revisions"}],"wp:attachment":[{"href":"https:\/\/www.museuolimpicbcn.cat\/es\/wp-json\/wp\/v2\/media?parent=9254"}],"wp:term":[{"taxonomy":"category","embeddable":true,"href":"https:\/\/www.museuolimpicbcn.cat\/es\/wp-json\/wp\/v2\/categories?post=9254"},{"taxonomy":"post_tag","embeddable":true,"href":"https:\/\/www.museuolimpicbcn.cat\/es\/wp-json\/wp\/v2\/tags?post=9254"}],"curies":[{"name":"wp","href":"https:\/\/api.w.org\/{rel}","templated":true}]}}